{"id":2795,"date":"2020-07-13T06:00:59","date_gmt":"2020-07-13T04:00:59","guid":{"rendered":"https:\/\/cercle-nautique-du-touquet.org\/?p=2795"},"modified":"2020-07-13T14:46:02","modified_gmt":"2020-07-13T12:46:02","slug":"la-saison-des-croisieres-a-enfin-debute","status":"publish","type":"post","link":"https:\/\/cercle-nautique-du-touquet.org\/index.php\/2020\/07\/13\/la-saison-des-croisieres-a-enfin-debute\/","title":{"rendered":"La saison des croisi\u00e8res a enfin d\u00e9but\u00e9."},"content":{"rendered":"\n<p>Bonjour \u00e0 tous ,<br>Photo de Safran pour sa 1 \u00e8re nuit au Pays Bas , escale \u00e0 Veere, d\u00e9but d\u2019une croisi\u00e8re de 3 semaines dans les eaux int\u00e9rieures Bataves<br>A tr\u00e8s bient\u00f4t pour des nouvelles de nos aventures.<br>Ronan<\/p>\n\n\n\n<p>Francis, cet hiver nous a fait particip\u00e9 \u00e0 sa croisi\u00e8re dans les Bermudes. Cette fois-ci, Ronan se pr\u00e9pare \u00e0 nous faire voyager en Hollande. Premier \u00e9pisode \u00e0 Veere, haut lieu du monde de la croisi\u00e8re et de la voile chez nos amis hollandais. Nous comptons sur toi, Ronan, comme sur les autres navigateurs du cercle qui sont partis vers la Bretagne du nord ou du sud. <\/p>\n\n\n\n<figure class=\"wp-block-image alignwide size-large\"><img loading=\"lazy\" decoding=\"async\" width=\"576\" height=\"1024\" src=\"https:\/\/cercle-nautique-du-touquet.org\/wp-content\/uploads\/2020\/07\/IMG_58452.png\" alt=\"\" class=\"wp-image-2798\" srcset=\"https:\/\/cercle-nautique-du-touquet.org\/wp-content\/uploads\/2020\/07\/IMG_58452.png 576w, https:\/\/cercle-nautique-du-touquet.org\/wp-content\/uploads\/2020\/07\/IMG_58452-169x300.png 169w, https:\/\/cercle-nautique-du-touquet.org\/wp-content\/uploads\/2020\/07\/IMG_58452-570x1013.png 570w\" sizes=\"auto, (max-width: 576px) 100vw, 576px\" \/><\/figure>\n\n\n\n<figure class=\"wp-block-image size-large\"><img loading=\"lazy\" decoding=\"async\" width=\"616\" height=\"597\" src=\"https:\/\/cercle-nautique-du-touquet.org\/wp-content\/uploads\/2020\/07\/Capture-du-2020-07-13-14-36-50.png\" alt=\"\" class=\"wp-image-2796\" srcset=\"https:\/\/cercle-nautique-du-touquet.org\/wp-content\/uploads\/2020\/07\/Capture-du-2020-07-13-14-36-50.png 616w, https:\/\/cercle-nautique-du-touquet.org\/wp-content\/uploads\/2020\/07\/Capture-du-2020-07-13-14-36-50-300x291.png 300w, https:\/\/cercle-nautique-du-touquet.org\/wp-content\/uploads\/2020\/07\/Capture-du-2020-07-13-14-36-50-570x552.png 570w\" sizes=\"auto, (max-width: 616px) 100vw, 616px\" \/><\/figure>\n","protected":false},"excerpt":{"rendered":"<p>Photo de Safran pour sa 1 \u00e8re nuit au Pays Bas , escale \u00e0 Veere, d\u00e9but d\u2019une croisi\u00e8re de 3 semaines dans les eaux int\u00e9rieures Bataves<br \/>\nA tr\u00e8s bient\u00f4t pour des nouvelles de nos aventures.<br \/>\nRonan<\/p>\n","protected":false},"author":1,"featured_media":2798,"comment_status":"open","ping_status":"open","sticky":false,"template":"","format":"standard","meta":{"footnotes":""},"categories":[19,2,4],"tags":[48],"class_list":{"0":"post-2795","1":"post","2":"type-post","3":"status-publish","4":"format-standard","5":"has-post-thumbnail","7":"category-19","8":"category-cnt","9":"category-info","10":"tag-voile-le-touquet-le-touquet-cnt","11":"czr-hentry"},"yoast_head":"<!-- This site is optimized with the Yoast SEO plugin v27.5 - https:\/\/yoast.com\/product\/yoast-seo-wordpress\/ -->\n<title>La saison des croisi\u00e8res a enfin d\u00e9but\u00e9. - Cercle Nautique du Touquet<\/title>\n<meta name=\"robots\" content=\"index, follow, max-snippet:-1, max-image-preview:large, max-video-preview:-1\" \/>\n<link rel=\"canonical\" href=\"https:\/\/cercle-nautique-du-touquet.org\/index.php\/2020\/07\/13\/la-saison-des-croisieres-a-enfin-debute\/\" \/>\n<meta property=\"og:locale\" content=\"fr_FR\" \/>\n<meta property=\"og:type\" content=\"article\" \/>\n<meta property=\"og:title\" content=\"La saison des croisi\u00e8res a enfin d\u00e9but\u00e9. - Cercle Nautique du Touquet\" \/>\n<meta property=\"og:description\" content=\"Photo de Safran pour sa 1 \u00e8re nuit au Pays Bas , escale \u00e0 Veere, d\u00e9but d\u2019une croisi\u00e8re de 3 semaines dans les eaux int\u00e9rieures Bataves A tr\u00e8s bient\u00f4t pour des nouvelles de nos aventures. Ronan\" \/>\n<meta property=\"og:url\" content=\"https:\/\/cercle-nautique-du-touquet.org\/index.php\/2020\/07\/13\/la-saison-des-croisieres-a-enfin-debute\/\" \/>\n<meta property=\"og:site_name\" content=\"Cercle Nautique du Touquet\" \/>\n<meta property=\"article:publisher\" content=\"https:\/\/www.facebook.com\/groups\/161569984440804\/\" \/>\n<meta property=\"article:author\" content=\"https:\/\/www.facebook.com\/groups\/161569984440804\/\" \/>\n<meta property=\"article:published_time\" content=\"2020-07-13T04:00:59+00:00\" \/>\n<meta property=\"article:modified_time\" content=\"2020-07-13T12:46:02+00:00\" \/>\n<meta property=\"og:image\" content=\"https:\/\/cercle-nautique-du-touquet.org\/wp-content\/uploads\/2020\/07\/IMG_58452.png\" \/>\n\t<meta property=\"og:image:width\" content=\"576\" \/>\n\t<meta property=\"og:image:height\" content=\"1024\" \/>\n\t<meta property=\"og:image:type\" content=\"image\/png\" \/>\n<meta name=\"author\" content=\"Skipper\" \/>\n<meta name=\"twitter:card\" content=\"summary_large_image\" \/>\n<meta name=\"twitter:creator\" content=\"@cn_le_touquet \u200f @TouquetCn\" \/>\n<meta name=\"twitter:site\" content=\"@TouquetCn\" \/>\n<meta name=\"twitter:label1\" content=\"\u00c9crit par\" \/>\n\t<meta name=\"twitter:data1\" content=\"Skipper\" \/>\n\t<meta name=\"twitter:label2\" content=\"Dur\u00e9e de lecture estim\u00e9e\" \/>\n\t<meta name=\"twitter:data2\" content=\"1 minute\" \/>\n<script type=\"application\/ld+json\" class=\"yoast-schema-graph\">{\"@context\":\"https:\\\/\\\/schema.org\",\"@graph\":[{\"@type\":\"Article\",\"@id\":\"https:\\\/\\\/cercle-nautique-du-touquet.org\\\/index.php\\\/2020\\\/07\\\/13\\\/la-saison-des-croisieres-a-enfin-debute\\\/#article\",\"isPartOf\":{\"@id\":\"https:\\\/\\\/cercle-nautique-du-touquet.org\\\/index.php\\\/2020\\\/07\\\/13\\\/la-saison-des-croisieres-a-enfin-debute\\\/\"},\"author\":{\"name\":\"Skipper\",\"@id\":\"https:\\\/\\\/cercle-nautique-du-touquet.org\\\/#\\\/schema\\\/person\\\/2dd9d50d0929a8900aafbc68e2edccc2\"},\"headline\":\"La saison des croisi\u00e8res a enfin d\u00e9but\u00e9.\",\"datePublished\":\"2020-07-13T04:00:59+00:00\",\"dateModified\":\"2020-07-13T12:46:02+00:00\",\"mainEntityOfPage\":{\"@id\":\"https:\\\/\\\/cercle-nautique-du-touquet.org\\\/index.php\\\/2020\\\/07\\\/13\\\/la-saison-des-croisieres-a-enfin-debute\\\/\"},\"wordCount\":114,\"commentCount\":0,\"publisher\":{\"@id\":\"https:\\\/\\\/cercle-nautique-du-touquet.org\\\/#organization\"},\"image\":{\"@id\":\"https:\\\/\\\/cercle-nautique-du-touquet.org\\\/index.php\\\/2020\\\/07\\\/13\\\/la-saison-des-croisieres-a-enfin-debute\\\/#primaryimage\"},\"thumbnailUrl\":\"https:\\\/\\\/cercle-nautique-du-touquet.org\\\/wp-content\\\/uploads\\\/2020\\\/07\\\/IMG_58452.png\",\"keywords\":[\"voile le touquet le touquet; CNT\"],\"articleSection\":[\"2020\",\"CNT\",\"info\"],\"inLanguage\":\"fr-FR\",\"potentialAction\":[{\"@type\":\"CommentAction\",\"name\":\"Comment\",\"target\":[\"https:\\\/\\\/cercle-nautique-du-touquet.org\\\/index.php\\\/2020\\\/07\\\/13\\\/la-saison-des-croisieres-a-enfin-debute\\\/#respond\"]}]},{\"@type\":\"WebPage\",\"@id\":\"https:\\\/\\\/cercle-nautique-du-touquet.org\\\/index.php\\\/2020\\\/07\\\/13\\\/la-saison-des-croisieres-a-enfin-debute\\\/\",\"url\":\"https:\\\/\\\/cercle-nautique-du-touquet.org\\\/index.php\\\/2020\\\/07\\\/13\\\/la-saison-des-croisieres-a-enfin-debute\\\/\",\"name\":\"La saison des croisi\u00e8res a enfin d\u00e9but\u00e9. - Cercle Nautique du Touquet\",\"isPartOf\":{\"@id\":\"https:\\\/\\\/cercle-nautique-du-touquet.org\\\/#website\"},\"primaryImageOfPage\":{\"@id\":\"https:\\\/\\\/cercle-nautique-du-touquet.org\\\/index.php\\\/2020\\\/07\\\/13\\\/la-saison-des-croisieres-a-enfin-debute\\\/#primaryimage\"},\"image\":{\"@id\":\"https:\\\/\\\/cercle-nautique-du-touquet.org\\\/index.php\\\/2020\\\/07\\\/13\\\/la-saison-des-croisieres-a-enfin-debute\\\/#primaryimage\"},\"thumbnailUrl\":\"https:\\\/\\\/cercle-nautique-du-touquet.org\\\/wp-content\\\/uploads\\\/2020\\\/07\\\/IMG_58452.png\",\"datePublished\":\"2020-07-13T04:00:59+00:00\",\"dateModified\":\"2020-07-13T12:46:02+00:00\",\"breadcrumb\":{\"@id\":\"https:\\\/\\\/cercle-nautique-du-touquet.org\\\/index.php\\\/2020\\\/07\\\/13\\\/la-saison-des-croisieres-a-enfin-debute\\\/#breadcrumb\"},\"inLanguage\":\"fr-FR\",\"potentialAction\":[{\"@type\":\"ReadAction\",\"target\":[\"https:\\\/\\\/cercle-nautique-du-touquet.org\\\/index.php\\\/2020\\\/07\\\/13\\\/la-saison-des-croisieres-a-enfin-debute\\\/\"]}]},{\"@type\":\"ImageObject\",\"inLanguage\":\"fr-FR\",\"@id\":\"https:\\\/\\\/cercle-nautique-du-touquet.org\\\/index.php\\\/2020\\\/07\\\/13\\\/la-saison-des-croisieres-a-enfin-debute\\\/#primaryimage\",\"url\":\"https:\\\/\\\/cercle-nautique-du-touquet.org\\\/wp-content\\\/uploads\\\/2020\\\/07\\\/IMG_58452.png\",\"contentUrl\":\"https:\\\/\\\/cercle-nautique-du-touquet.org\\\/wp-content\\\/uploads\\\/2020\\\/07\\\/IMG_58452.png\",\"width\":576,\"height\":1024},{\"@type\":\"BreadcrumbList\",\"@id\":\"https:\\\/\\\/cercle-nautique-du-touquet.org\\\/index.php\\\/2020\\\/07\\\/13\\\/la-saison-des-croisieres-a-enfin-debute\\\/#breadcrumb\",\"itemListElement\":[{\"@type\":\"ListItem\",\"position\":1,\"name\":\"Accueil\",\"item\":\"https:\\\/\\\/cercle-nautique-du-touquet.org\\\/\"},{\"@type\":\"ListItem\",\"position\":2,\"name\":\"La saison des croisi\u00e8res a enfin d\u00e9but\u00e9.\"}]},{\"@type\":\"WebSite\",\"@id\":\"https:\\\/\\\/cercle-nautique-du-touquet.org\\\/#website\",\"url\":\"https:\\\/\\\/cercle-nautique-du-touquet.org\\\/\",\"name\":\"Cercle Nautique du Touquet\",\"description\":\"CNT - LE TOUQUET - @ mail : cnt@cercle-nautique-du-touquet.org\",\"publisher\":{\"@id\":\"https:\\\/\\\/cercle-nautique-du-touquet.org\\\/#organization\"},\"potentialAction\":[{\"@type\":\"SearchAction\",\"target\":{\"@type\":\"EntryPoint\",\"urlTemplate\":\"https:\\\/\\\/cercle-nautique-du-touquet.org\\\/?s={search_term_string}\"},\"query-input\":{\"@type\":\"PropertyValueSpecification\",\"valueRequired\":true,\"valueName\":\"search_term_string\"}}],\"inLanguage\":\"fr-FR\"},{\"@type\":\"Organization\",\"@id\":\"https:\\\/\\\/cercle-nautique-du-touquet.org\\\/#organization\",\"name\":\"cercle Nautique du touquet\",\"url\":\"https:\\\/\\\/cercle-nautique-du-touquet.org\\\/\",\"logo\":{\"@type\":\"ImageObject\",\"inLanguage\":\"fr-FR\",\"@id\":\"https:\\\/\\\/cercle-nautique-du-touquet.org\\\/#\\\/schema\\\/logo\\\/image\\\/\",\"url\":\"https:\\\/\\\/cercle-nautique-du-touquet.org\\\/wp-content\\\/uploads\\\/2019\\\/09\\\/WzLRsU-e1579203957195.png\",\"contentUrl\":\"https:\\\/\\\/cercle-nautique-du-touquet.org\\\/wp-content\\\/uploads\\\/2019\\\/09\\\/WzLRsU-e1579203957195.png\",\"width\":112,\"height\":113,\"caption\":\"cercle Nautique du touquet\"},\"image\":{\"@id\":\"https:\\\/\\\/cercle-nautique-du-touquet.org\\\/#\\\/schema\\\/logo\\\/image\\\/\"},\"sameAs\":[\"https:\\\/\\\/www.facebook.com\\\/groups\\\/161569984440804\\\/\",\"https:\\\/\\\/x.com\\\/TouquetCn\"]},{\"@type\":\"Person\",\"@id\":\"https:\\\/\\\/cercle-nautique-du-touquet.org\\\/#\\\/schema\\\/person\\\/2dd9d50d0929a8900aafbc68e2edccc2\",\"name\":\"Skipper\",\"image\":{\"@type\":\"ImageObject\",\"inLanguage\":\"fr-FR\",\"@id\":\"https:\\\/\\\/secure.gravatar.com\\\/avatar\\\/429be3eeba11f95d4d744b5293669c062f8a9e5311989bb3d44364aac54b7be7?s=96&d=wp_user_avatar&r=g\",\"url\":\"https:\\\/\\\/secure.gravatar.com\\\/avatar\\\/429be3eeba11f95d4d744b5293669c062f8a9e5311989bb3d44364aac54b7be7?s=96&d=wp_user_avatar&r=g\",\"contentUrl\":\"https:\\\/\\\/secure.gravatar.com\\\/avatar\\\/429be3eeba11f95d4d744b5293669c062f8a9e5311989bb3d44364aac54b7be7?s=96&d=wp_user_avatar&r=g\",\"caption\":\"Skipper\"},\"sameAs\":[\"http:\\\/\\\/cercle-nautique-du-touquet.org\",\"https:\\\/\\\/www.facebook.com\\\/groups\\\/161569984440804\\\/\",\"https:\\\/\\\/x.com\\\/cn_le_touquet \u200f @TouquetCn\"],\"url\":\"https:\\\/\\\/cercle-nautique-du-touquet.org\\\/index.php\\\/author\\\/admin8330\\\/\"}]}<\/script>\n<!-- \/ Yoast SEO plugin. -->","yoast_head_json":{"title":"La saison des croisi\u00e8res a enfin d\u00e9but\u00e9. - Cercle Nautique du Touquet","robots":{"index":"index","follow":"follow","max-snippet":"max-snippet:-1","max-image-preview":"max-image-preview:large","max-video-preview":"max-video-preview:-1"},"canonical":"https:\/\/cercle-nautique-du-touquet.org\/index.php\/2020\/07\/13\/la-saison-des-croisieres-a-enfin-debute\/","og_locale":"fr_FR","og_type":"article","og_title":"La saison des croisi\u00e8res a enfin d\u00e9but\u00e9. - Cercle Nautique du Touquet","og_description":"Photo de Safran pour sa 1 \u00e8re nuit au Pays Bas , escale \u00e0 Veere, d\u00e9but d\u2019une croisi\u00e8re de 3 semaines dans les eaux int\u00e9rieures Bataves A tr\u00e8s bient\u00f4t pour des nouvelles de nos aventures. Ronan","og_url":"https:\/\/cercle-nautique-du-touquet.org\/index.php\/2020\/07\/13\/la-saison-des-croisieres-a-enfin-debute\/","og_site_name":"Cercle Nautique du Touquet","article_publisher":"https:\/\/www.facebook.com\/groups\/161569984440804\/","article_author":"https:\/\/www.facebook.com\/groups\/161569984440804\/","article_published_time":"2020-07-13T04:00:59+00:00","article_modified_time":"2020-07-13T12:46:02+00:00","og_image":[{"width":576,"height":1024,"url":"https:\/\/cercle-nautique-du-touquet.org\/wp-content\/uploads\/2020\/07\/IMG_58452.png","type":"image\/png"}],"author":"Skipper","twitter_card":"summary_large_image","twitter_creator":"@cn_le_touquet \u200f @TouquetCn","twitter_site":"@TouquetCn","twitter_misc":{"\u00c9crit par":"Skipper","Dur\u00e9e de lecture estim\u00e9e":"1 minute"},"schema":{"@context":"https:\/\/schema.org","@graph":[{"@type":"Article","@id":"https:\/\/cercle-nautique-du-touquet.org\/index.php\/2020\/07\/13\/la-saison-des-croisieres-a-enfin-debute\/#article","isPartOf":{"@id":"https:\/\/cercle-nautique-du-touquet.org\/index.php\/2020\/07\/13\/la-saison-des-croisieres-a-enfin-debute\/"},"author":{"name":"Skipper","@id":"https:\/\/cercle-nautique-du-touquet.org\/#\/schema\/person\/2dd9d50d0929a8900aafbc68e2edccc2"},"headline":"La saison des croisi\u00e8res a enfin d\u00e9but\u00e9.","datePublished":"2020-07-13T04:00:59+00:00","dateModified":"2020-07-13T12:46:02+00:00","mainEntityOfPage":{"@id":"https:\/\/cercle-nautique-du-touquet.org\/index.php\/2020\/07\/13\/la-saison-des-croisieres-a-enfin-debute\/"},"wordCount":114,"commentCount":0,"publisher":{"@id":"https:\/\/cercle-nautique-du-touquet.org\/#organization"},"image":{"@id":"https:\/\/cercle-nautique-du-touquet.org\/index.php\/2020\/07\/13\/la-saison-des-croisieres-a-enfin-debute\/#primaryimage"},"thumbnailUrl":"https:\/\/cercle-nautique-du-touquet.org\/wp-content\/uploads\/2020\/07\/IMG_58452.png","keywords":["voile le touquet le touquet; CNT"],"articleSection":["2020","CNT","info"],"inLanguage":"fr-FR","potentialAction":[{"@type":"CommentAction","name":"Comment","target":["https:\/\/cercle-nautique-du-touquet.org\/index.php\/2020\/07\/13\/la-saison-des-croisieres-a-enfin-debute\/#respond"]}]},{"@type":"WebPage","@id":"https:\/\/cercle-nautique-du-touquet.org\/index.php\/2020\/07\/13\/la-saison-des-croisieres-a-enfin-debute\/","url":"https:\/\/cercle-nautique-du-touquet.org\/index.php\/2020\/07\/13\/la-saison-des-croisieres-a-enfin-debute\/","name":"La saison des croisi\u00e8res a enfin d\u00e9but\u00e9. - Cercle Nautique du Touquet","isPartOf":{"@id":"https:\/\/cercle-nautique-du-touquet.org\/#website"},"primaryImageOfPage":{"@id":"https:\/\/cercle-nautique-du-touquet.org\/index.php\/2020\/07\/13\/la-saison-des-croisieres-a-enfin-debute\/#primaryimage"},"image":{"@id":"https:\/\/cercle-nautique-du-touquet.org\/index.php\/2020\/07\/13\/la-saison-des-croisieres-a-enfin-debute\/#primaryimage"},"thumbnailUrl":"https:\/\/cercle-nautique-du-touquet.org\/wp-content\/uploads\/2020\/07\/IMG_58452.png","datePublished":"2020-07-13T04:00:59+00:00","dateModified":"2020-07-13T12:46:02+00:00","breadcrumb":{"@id":"https:\/\/cercle-nautique-du-touquet.org\/index.php\/2020\/07\/13\/la-saison-des-croisieres-a-enfin-debute\/#breadcrumb"},"inLanguage":"fr-FR","potentialAction":[{"@type":"ReadAction","target":["https:\/\/cercle-nautique-du-touquet.org\/index.php\/2020\/07\/13\/la-saison-des-croisieres-a-enfin-debute\/"]}]},{"@type":"ImageObject","inLanguage":"fr-FR","@id":"https:\/\/cercle-nautique-du-touquet.org\/index.php\/2020\/07\/13\/la-saison-des-croisieres-a-enfin-debute\/#primaryimage","url":"https:\/\/cercle-nautique-du-touquet.org\/wp-content\/uploads\/2020\/07\/IMG_58452.png","contentUrl":"https:\/\/cercle-nautique-du-touquet.org\/wp-content\/uploads\/2020\/07\/IMG_58452.png","width":576,"height":1024},{"@type":"BreadcrumbList","@id":"https:\/\/cercle-nautique-du-touquet.org\/index.php\/2020\/07\/13\/la-saison-des-croisieres-a-enfin-debute\/#breadcrumb","itemListElement":[{"@type":"ListItem","position":1,"name":"Accueil","item":"https:\/\/cercle-nautique-du-touquet.org\/"},{"@type":"ListItem","position":2,"name":"La saison des croisi\u00e8res a enfin d\u00e9but\u00e9."}]},{"@type":"WebSite","@id":"https:\/\/cercle-nautique-du-touquet.org\/#website","url":"https:\/\/cercle-nautique-du-touquet.org\/","name":"Cercle Nautique du Touquet","description":"CNT - LE TOUQUET - @ mail : cnt@cercle-nautique-du-touquet.org","publisher":{"@id":"https:\/\/cercle-nautique-du-touquet.org\/#organization"},"potentialAction":[{"@type":"SearchAction","target":{"@type":"EntryPoint","urlTemplate":"https:\/\/cercle-nautique-du-touquet.org\/?s={search_term_string}"},"query-input":{"@type":"PropertyValueSpecification","valueRequired":true,"valueName":"search_term_string"}}],"inLanguage":"fr-FR"},{"@type":"Organization","@id":"https:\/\/cercle-nautique-du-touquet.org\/#organization","name":"cercle Nautique du touquet","url":"https:\/\/cercle-nautique-du-touquet.org\/","logo":{"@type":"ImageObject","inLanguage":"fr-FR","@id":"https:\/\/cercle-nautique-du-touquet.org\/#\/schema\/logo\/image\/","url":"https:\/\/cercle-nautique-du-touquet.org\/wp-content\/uploads\/2019\/09\/WzLRsU-e1579203957195.png","contentUrl":"https:\/\/cercle-nautique-du-touquet.org\/wp-content\/uploads\/2019\/09\/WzLRsU-e1579203957195.png","width":112,"height":113,"caption":"cercle Nautique du touquet"},"image":{"@id":"https:\/\/cercle-nautique-du-touquet.org\/#\/schema\/logo\/image\/"},"sameAs":["https:\/\/www.facebook.com\/groups\/161569984440804\/","https:\/\/x.com\/TouquetCn"]},{"@type":"Person","@id":"https:\/\/cercle-nautique-du-touquet.org\/#\/schema\/person\/2dd9d50d0929a8900aafbc68e2edccc2","name":"Skipper","image":{"@type":"ImageObject","inLanguage":"fr-FR","@id":"https:\/\/secure.gravatar.com\/avatar\/429be3eeba11f95d4d744b5293669c062f8a9e5311989bb3d44364aac54b7be7?s=96&d=wp_user_avatar&r=g","url":"https:\/\/secure.gravatar.com\/avatar\/429be3eeba11f95d4d744b5293669c062f8a9e5311989bb3d44364aac54b7be7?s=96&d=wp_user_avatar&r=g","contentUrl":"https:\/\/secure.gravatar.com\/avatar\/429be3eeba11f95d4d744b5293669c062f8a9e5311989bb3d44364aac54b7be7?s=96&d=wp_user_avatar&r=g","caption":"Skipper"},"sameAs":["http:\/\/cercle-nautique-du-touquet.org","https:\/\/www.facebook.com\/groups\/161569984440804\/","https:\/\/x.com\/cn_le_touquet \u200f @TouquetCn"],"url":"https:\/\/cercle-nautique-du-touquet.org\/index.php\/author\/admin8330\/"}]}},"_links":{"self":[{"href":"https:\/\/cercle-nautique-du-touquet.org\/index.php\/wp-json\/wp\/v2\/posts\/2795","targetHints":{"allow":["GET"]}}],"collection":[{"href":"https:\/\/cercle-nautique-du-touquet.org\/index.php\/wp-json\/wp\/v2\/posts"}],"about":[{"href":"https:\/\/cercle-nautique-du-touquet.org\/index.php\/wp-json\/wp\/v2\/types\/post"}],"author":[{"embeddable":true,"href":"https:\/\/cercle-nautique-du-touquet.org\/index.php\/wp-json\/wp\/v2\/users\/1"}],"replies":[{"embeddable":true,"href":"https:\/\/cercle-nautique-du-touquet.org\/index.php\/wp-json\/wp\/v2\/comments?post=2795"}],"version-history":[{"count":0,"href":"https:\/\/cercle-nautique-du-touquet.org\/index.php\/wp-json\/wp\/v2\/posts\/2795\/revisions"}],"wp:featuredmedia":[{"embeddable":true,"href":"https:\/\/cercle-nautique-du-touquet.org\/index.php\/wp-json\/wp\/v2\/media\/2798"}],"wp:attachment":[{"href":"https:\/\/cercle-nautique-du-touquet.org\/index.php\/wp-json\/wp\/v2\/media?parent=2795"}],"wp:term":[{"taxonomy":"category","embeddable":true,"href":"https:\/\/cercle-nautique-du-touquet.org\/index.php\/wp-json\/wp\/v2\/categories?post=2795"},{"taxonomy":"post_tag","embeddable":true,"href":"https:\/\/cercle-nautique-du-touquet.org\/index.php\/wp-json\/wp\/v2\/tags?post=2795"}],"curies":[{"name":"wp","href":"https:\/\/api.w.org\/{rel}","templated":true}]}}