{"id":3108,"date":"2020-08-27T09:16:05","date_gmt":"2020-08-27T07:16:05","guid":{"rendered":"https:\/\/cercle-nautique-du-touquet.org\/?p=3108"},"modified":"2020-08-27T09:16:07","modified_gmt":"2020-08-27T07:16:07","slug":"preparons-le-week-end-du-29-aout-20","status":"publish","type":"post","link":"https:\/\/cercle-nautique-du-touquet.org\/index.php\/2020\/08\/27\/preparons-le-week-end-du-29-aout-20\/","title":{"rendered":"Pr\u00e9parons le week-end du 29 Aout 20"},"content":{"rendered":"\n<p>Le week-end \u00e0 venir est pr\u00e9vu sous le signe de la braderie ! Du vent, peu d&rsquo;eau, chaque ann\u00e9e c&rsquo;est la m\u00eame chose ! Certains diront : \u00a0\u00bb On a l&rsquo;habitude \u00ab\u00a0. Nous viendrons de toute fa\u00e7on!  D&rsquo;autant plus que la braderie de Lille est annul\u00e9e.! <br>Donc Coef 49, \u00e0 9h49. Juste de quoi sortir par le chenal pour rentrer \u00e0 la prochaine mar\u00e9e. Pour le Vent, le mauvais temps de vendredi se calme, en restant \u00e0 15 nd nord- nord-est. Id\u00e9al pour filer vers le sud ! Mais il faudra rentrer, vent debout. Il y aura de l&rsquo;eau Lundi pour les voyageurs. N&rsquo;oubliez pas les pulls et cir\u00e9s.  <br>\u00ab\u00a0Bonne p\u00eache au p\u00eacheur et bon vent aux plaisanciers\u00a0\u00bb<\/p>\n\n\n\n<figure class=\"wp-block-image size-large\"><img loading=\"lazy\" decoding=\"async\" width=\"1024\" height=\"295\" src=\"https:\/\/cercle-nautique-du-touquet.org\/wp-content\/uploads\/2020\/08\/meteo-29-aout-1024x295.png\" alt=\"\" class=\"wp-image-3114\" srcset=\"https:\/\/cercle-nautique-du-touquet.org\/wp-content\/uploads\/2020\/08\/meteo-29-aout-1024x295.png 1024w, https:\/\/cercle-nautique-du-touquet.org\/wp-content\/uploads\/2020\/08\/meteo-29-aout-300x86.png 300w, https:\/\/cercle-nautique-du-touquet.org\/wp-content\/uploads\/2020\/08\/meteo-29-aout-768x221.png 768w, https:\/\/cercle-nautique-du-touquet.org\/wp-content\/uploads\/2020\/08\/meteo-29-aout-570x164.png 570w, https:\/\/cercle-nautique-du-touquet.org\/wp-content\/uploads\/2020\/08\/meteo-29-aout.png 1032w\" sizes=\"auto, (max-width: 1024px) 100vw, 1024px\" \/><\/figure>\n\n\n\n<div class=\"wp-block-image\"><figure class=\"aligncenter size-large\"><img loading=\"lazy\" decoding=\"async\" width=\"498\" height=\"63\" src=\"https:\/\/cercle-nautique-du-touquet.org\/wp-content\/uploads\/2020\/08\/mare-29-aout-1.png\" alt=\"\" class=\"wp-image-3115\" srcset=\"https:\/\/cercle-nautique-du-touquet.org\/wp-content\/uploads\/2020\/08\/mare-29-aout-1.png 498w, https:\/\/cercle-nautique-du-touquet.org\/wp-content\/uploads\/2020\/08\/mare-29-aout-1-300x38.png 300w\" sizes=\"auto, (max-width: 498px) 100vw, 498px\" \/><\/figure><\/div>\n\n\n\n<p><\/p>\n","protected":false},"excerpt":{"rendered":"<p>Le week-end \u00e0 venir est pr\u00e9vu sous le signe de la braderie ! Du vent, peu d&rsquo;eau, chaque ann\u00e9e c&rsquo;est la m\u00eame chose ! Certains diront : \u00a0\u00bb On a l&rsquo;habitude \u00ab\u00a0. Nous viendrons de toute fa\u00e7on!  D&rsquo;autant plus que la braderie de Lille est annul\u00e9e.! <\/p>\n","protected":false},"author":1,"featured_media":2561,"comment_status":"open","ping_status":"open","sticky":false,"template":"","format":"standard","meta":{"footnotes":""},"categories":[19,2],"tags":[132],"class_list":{"0":"post-3108","1":"post","2":"type-post","3":"status-publish","4":"format-standard","5":"has-post-thumbnail","7":"category-19","8":"category-cnt","9":"tag-preparons-le-week-end","10":"czr-hentry"},"yoast_head":"<!-- This site is optimized with the Yoast SEO plugin v27.5 - https:\/\/yoast.com\/product\/yoast-seo-wordpress\/ -->\n<title>Pr\u00e9parons le week-end du 29 Aout 20 - Cercle Nautique du Touquet<\/title>\n<meta name=\"robots\" content=\"index, follow, max-snippet:-1, max-image-preview:large, max-video-preview:-1\" \/>\n<link rel=\"canonical\" href=\"https:\/\/cercle-nautique-du-touquet.org\/index.php\/2020\/08\/27\/preparons-le-week-end-du-29-aout-20\/\" \/>\n<meta property=\"og:locale\" content=\"fr_FR\" \/>\n<meta property=\"og:type\" content=\"article\" \/>\n<meta property=\"og:title\" content=\"Pr\u00e9parons le week-end du 29 Aout 20 - Cercle Nautique du Touquet\" \/>\n<meta property=\"og:description\" content=\"Le week-end \u00e0 venir est pr\u00e9vu sous le signe de la braderie ! Du vent, peu d&#039;eau, chaque ann\u00e9e c&#039;est la m\u00eame chose ! Certains diront : &quot; On a l&#039;habitude &quot;. Nous viendrons de toute fa\u00e7on! D&#039;autant plus que la braderie de Lille est annul\u00e9e.!\" \/>\n<meta property=\"og:url\" content=\"https:\/\/cercle-nautique-du-touquet.org\/index.php\/2020\/08\/27\/preparons-le-week-end-du-29-aout-20\/\" \/>\n<meta property=\"og:site_name\" content=\"Cercle Nautique du Touquet\" \/>\n<meta property=\"article:publisher\" content=\"https:\/\/www.facebook.com\/groups\/161569984440804\/\" \/>\n<meta property=\"article:author\" content=\"https:\/\/www.facebook.com\/groups\/161569984440804\/\" \/>\n<meta property=\"article:published_time\" content=\"2020-08-27T07:16:05+00:00\" \/>\n<meta property=\"article:modified_time\" content=\"2020-08-27T07:16:07+00:00\" \/>\n<meta property=\"og:image\" content=\"https:\/\/cercle-nautique-du-touquet.org\/wp-content\/uploads\/2020\/05\/mise-a-l-eau-e1589881427587.png\" \/>\n\t<meta property=\"og:image:width\" content=\"912\" \/>\n\t<meta property=\"og:image:height\" content=\"380\" \/>\n\t<meta property=\"og:image:type\" content=\"image\/png\" \/>\n<meta name=\"author\" content=\"Skipper\" \/>\n<meta name=\"twitter:card\" content=\"summary_large_image\" \/>\n<meta name=\"twitter:creator\" content=\"@cn_le_touquet \u200f @TouquetCn\" \/>\n<meta name=\"twitter:site\" content=\"@TouquetCn\" \/>\n<meta name=\"twitter:label1\" content=\"\u00c9crit par\" \/>\n\t<meta name=\"twitter:data1\" content=\"Skipper\" \/>\n\t<meta name=\"twitter:label2\" content=\"Dur\u00e9e de lecture estim\u00e9e\" \/>\n\t<meta name=\"twitter:data2\" content=\"1 minute\" \/>\n<script type=\"application\/ld+json\" class=\"yoast-schema-graph\">{\"@context\":\"https:\\\/\\\/schema.org\",\"@graph\":[{\"@type\":\"Article\",\"@id\":\"https:\\\/\\\/cercle-nautique-du-touquet.org\\\/index.php\\\/2020\\\/08\\\/27\\\/preparons-le-week-end-du-29-aout-20\\\/#article\",\"isPartOf\":{\"@id\":\"https:\\\/\\\/cercle-nautique-du-touquet.org\\\/index.php\\\/2020\\\/08\\\/27\\\/preparons-le-week-end-du-29-aout-20\\\/\"},\"author\":{\"name\":\"Skipper\",\"@id\":\"https:\\\/\\\/cercle-nautique-du-touquet.org\\\/#\\\/schema\\\/person\\\/2dd9d50d0929a8900aafbc68e2edccc2\"},\"headline\":\"Pr\u00e9parons le week-end du 29 Aout 20\",\"datePublished\":\"2020-08-27T07:16:05+00:00\",\"dateModified\":\"2020-08-27T07:16:07+00:00\",\"mainEntityOfPage\":{\"@id\":\"https:\\\/\\\/cercle-nautique-du-touquet.org\\\/index.php\\\/2020\\\/08\\\/27\\\/preparons-le-week-end-du-29-aout-20\\\/\"},\"wordCount\":128,\"commentCount\":0,\"publisher\":{\"@id\":\"https:\\\/\\\/cercle-nautique-du-touquet.org\\\/#organization\"},\"image\":{\"@id\":\"https:\\\/\\\/cercle-nautique-du-touquet.org\\\/index.php\\\/2020\\\/08\\\/27\\\/preparons-le-week-end-du-29-aout-20\\\/#primaryimage\"},\"thumbnailUrl\":\"https:\\\/\\\/cercle-nautique-du-touquet.org\\\/wp-content\\\/uploads\\\/2020\\\/05\\\/mise-a-l-eau-e1589881427587.png\",\"keywords\":[\"preparons le week-end\"],\"articleSection\":[\"2020\",\"CNT\"],\"inLanguage\":\"fr-FR\",\"potentialAction\":[{\"@type\":\"CommentAction\",\"name\":\"Comment\",\"target\":[\"https:\\\/\\\/cercle-nautique-du-touquet.org\\\/index.php\\\/2020\\\/08\\\/27\\\/preparons-le-week-end-du-29-aout-20\\\/#respond\"]}]},{\"@type\":\"WebPage\",\"@id\":\"https:\\\/\\\/cercle-nautique-du-touquet.org\\\/index.php\\\/2020\\\/08\\\/27\\\/preparons-le-week-end-du-29-aout-20\\\/\",\"url\":\"https:\\\/\\\/cercle-nautique-du-touquet.org\\\/index.php\\\/2020\\\/08\\\/27\\\/preparons-le-week-end-du-29-aout-20\\\/\",\"name\":\"Pr\u00e9parons le week-end du 29 Aout 20 - Cercle Nautique du Touquet\",\"isPartOf\":{\"@id\":\"https:\\\/\\\/cercle-nautique-du-touquet.org\\\/#website\"},\"primaryImageOfPage\":{\"@id\":\"https:\\\/\\\/cercle-nautique-du-touquet.org\\\/index.php\\\/2020\\\/08\\\/27\\\/preparons-le-week-end-du-29-aout-20\\\/#primaryimage\"},\"image\":{\"@id\":\"https:\\\/\\\/cercle-nautique-du-touquet.org\\\/index.php\\\/2020\\\/08\\\/27\\\/preparons-le-week-end-du-29-aout-20\\\/#primaryimage\"},\"thumbnailUrl\":\"https:\\\/\\\/cercle-nautique-du-touquet.org\\\/wp-content\\\/uploads\\\/2020\\\/05\\\/mise-a-l-eau-e1589881427587.png\",\"datePublished\":\"2020-08-27T07:16:05+00:00\",\"dateModified\":\"2020-08-27T07:16:07+00:00\",\"breadcrumb\":{\"@id\":\"https:\\\/\\\/cercle-nautique-du-touquet.org\\\/index.php\\\/2020\\\/08\\\/27\\\/preparons-le-week-end-du-29-aout-20\\\/#breadcrumb\"},\"inLanguage\":\"fr-FR\",\"potentialAction\":[{\"@type\":\"ReadAction\",\"target\":[\"https:\\\/\\\/cercle-nautique-du-touquet.org\\\/index.php\\\/2020\\\/08\\\/27\\\/preparons-le-week-end-du-29-aout-20\\\/\"]}]},{\"@type\":\"ImageObject\",\"inLanguage\":\"fr-FR\",\"@id\":\"https:\\\/\\\/cercle-nautique-du-touquet.org\\\/index.php\\\/2020\\\/08\\\/27\\\/preparons-le-week-end-du-29-aout-20\\\/#primaryimage\",\"url\":\"https:\\\/\\\/cercle-nautique-du-touquet.org\\\/wp-content\\\/uploads\\\/2020\\\/05\\\/mise-a-l-eau-e1589881427587.png\",\"contentUrl\":\"https:\\\/\\\/cercle-nautique-du-touquet.org\\\/wp-content\\\/uploads\\\/2020\\\/05\\\/mise-a-l-eau-e1589881427587.png\",\"width\":912,\"height\":380},{\"@type\":\"BreadcrumbList\",\"@id\":\"https:\\\/\\\/cercle-nautique-du-touquet.org\\\/index.php\\\/2020\\\/08\\\/27\\\/preparons-le-week-end-du-29-aout-20\\\/#breadcrumb\",\"itemListElement\":[{\"@type\":\"ListItem\",\"position\":1,\"name\":\"Accueil\",\"item\":\"https:\\\/\\\/cercle-nautique-du-touquet.org\\\/\"},{\"@type\":\"ListItem\",\"position\":2,\"name\":\"Pr\u00e9parons le week-end du 29 Aout 20\"}]},{\"@type\":\"WebSite\",\"@id\":\"https:\\\/\\\/cercle-nautique-du-touquet.org\\\/#website\",\"url\":\"https:\\\/\\\/cercle-nautique-du-touquet.org\\\/\",\"name\":\"Cercle Nautique du Touquet\",\"description\":\"CNT - LE TOUQUET - @ mail : cnt@cercle-nautique-du-touquet.org\",\"publisher\":{\"@id\":\"https:\\\/\\\/cercle-nautique-du-touquet.org\\\/#organization\"},\"potentialAction\":[{\"@type\":\"SearchAction\",\"target\":{\"@type\":\"EntryPoint\",\"urlTemplate\":\"https:\\\/\\\/cercle-nautique-du-touquet.org\\\/?s={search_term_string}\"},\"query-input\":{\"@type\":\"PropertyValueSpecification\",\"valueRequired\":true,\"valueName\":\"search_term_string\"}}],\"inLanguage\":\"fr-FR\"},{\"@type\":\"Organization\",\"@id\":\"https:\\\/\\\/cercle-nautique-du-touquet.org\\\/#organization\",\"name\":\"cercle Nautique du touquet\",\"url\":\"https:\\\/\\\/cercle-nautique-du-touquet.org\\\/\",\"logo\":{\"@type\":\"ImageObject\",\"inLanguage\":\"fr-FR\",\"@id\":\"https:\\\/\\\/cercle-nautique-du-touquet.org\\\/#\\\/schema\\\/logo\\\/image\\\/\",\"url\":\"https:\\\/\\\/cercle-nautique-du-touquet.org\\\/wp-content\\\/uploads\\\/2019\\\/09\\\/WzLRsU-e1579203957195.png\",\"contentUrl\":\"https:\\\/\\\/cercle-nautique-du-touquet.org\\\/wp-content\\\/uploads\\\/2019\\\/09\\\/WzLRsU-e1579203957195.png\",\"width\":112,\"height\":113,\"caption\":\"cercle Nautique du touquet\"},\"image\":{\"@id\":\"https:\\\/\\\/cercle-nautique-du-touquet.org\\\/#\\\/schema\\\/logo\\\/image\\\/\"},\"sameAs\":[\"https:\\\/\\\/www.facebook.com\\\/groups\\\/161569984440804\\\/\",\"https:\\\/\\\/x.com\\\/TouquetCn\"]},{\"@type\":\"Person\",\"@id\":\"https:\\\/\\\/cercle-nautique-du-touquet.org\\\/#\\\/schema\\\/person\\\/2dd9d50d0929a8900aafbc68e2edccc2\",\"name\":\"Skipper\",\"image\":{\"@type\":\"ImageObject\",\"inLanguage\":\"fr-FR\",\"@id\":\"https:\\\/\\\/secure.gravatar.com\\\/avatar\\\/429be3eeba11f95d4d744b5293669c062f8a9e5311989bb3d44364aac54b7be7?s=96&d=wp_user_avatar&r=g\",\"url\":\"https:\\\/\\\/secure.gravatar.com\\\/avatar\\\/429be3eeba11f95d4d744b5293669c062f8a9e5311989bb3d44364aac54b7be7?s=96&d=wp_user_avatar&r=g\",\"contentUrl\":\"https:\\\/\\\/secure.gravatar.com\\\/avatar\\\/429be3eeba11f95d4d744b5293669c062f8a9e5311989bb3d44364aac54b7be7?s=96&d=wp_user_avatar&r=g\",\"caption\":\"Skipper\"},\"sameAs\":[\"http:\\\/\\\/cercle-nautique-du-touquet.org\",\"https:\\\/\\\/www.facebook.com\\\/groups\\\/161569984440804\\\/\",\"https:\\\/\\\/x.com\\\/cn_le_touquet \u200f @TouquetCn\"],\"url\":\"https:\\\/\\\/cercle-nautique-du-touquet.org\\\/index.php\\\/author\\\/admin8330\\\/\"}]}<\/script>\n<!-- \/ Yoast SEO plugin. -->","yoast_head_json":{"title":"Pr\u00e9parons le week-end du 29 Aout 20 - Cercle Nautique du Touquet","robots":{"index":"index","follow":"follow","max-snippet":"max-snippet:-1","max-image-preview":"max-image-preview:large","max-video-preview":"max-video-preview:-1"},"canonical":"https:\/\/cercle-nautique-du-touquet.org\/index.php\/2020\/08\/27\/preparons-le-week-end-du-29-aout-20\/","og_locale":"fr_FR","og_type":"article","og_title":"Pr\u00e9parons le week-end du 29 Aout 20 - Cercle Nautique du Touquet","og_description":"Le week-end \u00e0 venir est pr\u00e9vu sous le signe de la braderie ! Du vent, peu d'eau, chaque ann\u00e9e c'est la m\u00eame chose ! Certains diront : \" On a l'habitude \". Nous viendrons de toute fa\u00e7on! D'autant plus que la braderie de Lille est annul\u00e9e.!","og_url":"https:\/\/cercle-nautique-du-touquet.org\/index.php\/2020\/08\/27\/preparons-le-week-end-du-29-aout-20\/","og_site_name":"Cercle Nautique du Touquet","article_publisher":"https:\/\/www.facebook.com\/groups\/161569984440804\/","article_author":"https:\/\/www.facebook.com\/groups\/161569984440804\/","article_published_time":"2020-08-27T07:16:05+00:00","article_modified_time":"2020-08-27T07:16:07+00:00","og_image":[{"width":912,"height":380,"url":"https:\/\/cercle-nautique-du-touquet.org\/wp-content\/uploads\/2020\/05\/mise-a-l-eau-e1589881427587.png","type":"image\/png"}],"author":"Skipper","twitter_card":"summary_large_image","twitter_creator":"@cn_le_touquet \u200f @TouquetCn","twitter_site":"@TouquetCn","twitter_misc":{"\u00c9crit par":"Skipper","Dur\u00e9e de lecture estim\u00e9e":"1 minute"},"schema":{"@context":"https:\/\/schema.org","@graph":[{"@type":"Article","@id":"https:\/\/cercle-nautique-du-touquet.org\/index.php\/2020\/08\/27\/preparons-le-week-end-du-29-aout-20\/#article","isPartOf":{"@id":"https:\/\/cercle-nautique-du-touquet.org\/index.php\/2020\/08\/27\/preparons-le-week-end-du-29-aout-20\/"},"author":{"name":"Skipper","@id":"https:\/\/cercle-nautique-du-touquet.org\/#\/schema\/person\/2dd9d50d0929a8900aafbc68e2edccc2"},"headline":"Pr\u00e9parons le week-end du 29 Aout 20","datePublished":"2020-08-27T07:16:05+00:00","dateModified":"2020-08-27T07:16:07+00:00","mainEntityOfPage":{"@id":"https:\/\/cercle-nautique-du-touquet.org\/index.php\/2020\/08\/27\/preparons-le-week-end-du-29-aout-20\/"},"wordCount":128,"commentCount":0,"publisher":{"@id":"https:\/\/cercle-nautique-du-touquet.org\/#organization"},"image":{"@id":"https:\/\/cercle-nautique-du-touquet.org\/index.php\/2020\/08\/27\/preparons-le-week-end-du-29-aout-20\/#primaryimage"},"thumbnailUrl":"https:\/\/cercle-nautique-du-touquet.org\/wp-content\/uploads\/2020\/05\/mise-a-l-eau-e1589881427587.png","keywords":["preparons le week-end"],"articleSection":["2020","CNT"],"inLanguage":"fr-FR","potentialAction":[{"@type":"CommentAction","name":"Comment","target":["https:\/\/cercle-nautique-du-touquet.org\/index.php\/2020\/08\/27\/preparons-le-week-end-du-29-aout-20\/#respond"]}]},{"@type":"WebPage","@id":"https:\/\/cercle-nautique-du-touquet.org\/index.php\/2020\/08\/27\/preparons-le-week-end-du-29-aout-20\/","url":"https:\/\/cercle-nautique-du-touquet.org\/index.php\/2020\/08\/27\/preparons-le-week-end-du-29-aout-20\/","name":"Pr\u00e9parons le week-end du 29 Aout 20 - Cercle Nautique du Touquet","isPartOf":{"@id":"https:\/\/cercle-nautique-du-touquet.org\/#website"},"primaryImageOfPage":{"@id":"https:\/\/cercle-nautique-du-touquet.org\/index.php\/2020\/08\/27\/preparons-le-week-end-du-29-aout-20\/#primaryimage"},"image":{"@id":"https:\/\/cercle-nautique-du-touquet.org\/index.php\/2020\/08\/27\/preparons-le-week-end-du-29-aout-20\/#primaryimage"},"thumbnailUrl":"https:\/\/cercle-nautique-du-touquet.org\/wp-content\/uploads\/2020\/05\/mise-a-l-eau-e1589881427587.png","datePublished":"2020-08-27T07:16:05+00:00","dateModified":"2020-08-27T07:16:07+00:00","breadcrumb":{"@id":"https:\/\/cercle-nautique-du-touquet.org\/index.php\/2020\/08\/27\/preparons-le-week-end-du-29-aout-20\/#breadcrumb"},"inLanguage":"fr-FR","potentialAction":[{"@type":"ReadAction","target":["https:\/\/cercle-nautique-du-touquet.org\/index.php\/2020\/08\/27\/preparons-le-week-end-du-29-aout-20\/"]}]},{"@type":"ImageObject","inLanguage":"fr-FR","@id":"https:\/\/cercle-nautique-du-touquet.org\/index.php\/2020\/08\/27\/preparons-le-week-end-du-29-aout-20\/#primaryimage","url":"https:\/\/cercle-nautique-du-touquet.org\/wp-content\/uploads\/2020\/05\/mise-a-l-eau-e1589881427587.png","contentUrl":"https:\/\/cercle-nautique-du-touquet.org\/wp-content\/uploads\/2020\/05\/mise-a-l-eau-e1589881427587.png","width":912,"height":380},{"@type":"BreadcrumbList","@id":"https:\/\/cercle-nautique-du-touquet.org\/index.php\/2020\/08\/27\/preparons-le-week-end-du-29-aout-20\/#breadcrumb","itemListElement":[{"@type":"ListItem","position":1,"name":"Accueil","item":"https:\/\/cercle-nautique-du-touquet.org\/"},{"@type":"ListItem","position":2,"name":"Pr\u00e9parons le week-end du 29 Aout 20"}]},{"@type":"WebSite","@id":"https:\/\/cercle-nautique-du-touquet.org\/#website","url":"https:\/\/cercle-nautique-du-touquet.org\/","name":"Cercle Nautique du Touquet","description":"CNT - LE TOUQUET - @ mail : cnt@cercle-nautique-du-touquet.org","publisher":{"@id":"https:\/\/cercle-nautique-du-touquet.org\/#organization"},"potentialAction":[{"@type":"SearchAction","target":{"@type":"EntryPoint","urlTemplate":"https:\/\/cercle-nautique-du-touquet.org\/?s={search_term_string}"},"query-input":{"@type":"PropertyValueSpecification","valueRequired":true,"valueName":"search_term_string"}}],"inLanguage":"fr-FR"},{"@type":"Organization","@id":"https:\/\/cercle-nautique-du-touquet.org\/#organization","name":"cercle Nautique du touquet","url":"https:\/\/cercle-nautique-du-touquet.org\/","logo":{"@type":"ImageObject","inLanguage":"fr-FR","@id":"https:\/\/cercle-nautique-du-touquet.org\/#\/schema\/logo\/image\/","url":"https:\/\/cercle-nautique-du-touquet.org\/wp-content\/uploads\/2019\/09\/WzLRsU-e1579203957195.png","contentUrl":"https:\/\/cercle-nautique-du-touquet.org\/wp-content\/uploads\/2019\/09\/WzLRsU-e1579203957195.png","width":112,"height":113,"caption":"cercle Nautique du touquet"},"image":{"@id":"https:\/\/cercle-nautique-du-touquet.org\/#\/schema\/logo\/image\/"},"sameAs":["https:\/\/www.facebook.com\/groups\/161569984440804\/","https:\/\/x.com\/TouquetCn"]},{"@type":"Person","@id":"https:\/\/cercle-nautique-du-touquet.org\/#\/schema\/person\/2dd9d50d0929a8900aafbc68e2edccc2","name":"Skipper","image":{"@type":"ImageObject","inLanguage":"fr-FR","@id":"https:\/\/secure.gravatar.com\/avatar\/429be3eeba11f95d4d744b5293669c062f8a9e5311989bb3d44364aac54b7be7?s=96&d=wp_user_avatar&r=g","url":"https:\/\/secure.gravatar.com\/avatar\/429be3eeba11f95d4d744b5293669c062f8a9e5311989bb3d44364aac54b7be7?s=96&d=wp_user_avatar&r=g","contentUrl":"https:\/\/secure.gravatar.com\/avatar\/429be3eeba11f95d4d744b5293669c062f8a9e5311989bb3d44364aac54b7be7?s=96&d=wp_user_avatar&r=g","caption":"Skipper"},"sameAs":["http:\/\/cercle-nautique-du-touquet.org","https:\/\/www.facebook.com\/groups\/161569984440804\/","https:\/\/x.com\/cn_le_touquet \u200f @TouquetCn"],"url":"https:\/\/cercle-nautique-du-touquet.org\/index.php\/author\/admin8330\/"}]}},"_links":{"self":[{"href":"https:\/\/cercle-nautique-du-touquet.org\/index.php\/wp-json\/wp\/v2\/posts\/3108","targetHints":{"allow":["GET"]}}],"collection":[{"href":"https:\/\/cercle-nautique-du-touquet.org\/index.php\/wp-json\/wp\/v2\/posts"}],"about":[{"href":"https:\/\/cercle-nautique-du-touquet.org\/index.php\/wp-json\/wp\/v2\/types\/post"}],"author":[{"embeddable":true,"href":"https:\/\/cercle-nautique-du-touquet.org\/index.php\/wp-json\/wp\/v2\/users\/1"}],"replies":[{"embeddable":true,"href":"https:\/\/cercle-nautique-du-touquet.org\/index.php\/wp-json\/wp\/v2\/comments?post=3108"}],"version-history":[{"count":0,"href":"https:\/\/cercle-nautique-du-touquet.org\/index.php\/wp-json\/wp\/v2\/posts\/3108\/revisions"}],"wp:featuredmedia":[{"embeddable":true,"href":"https:\/\/cercle-nautique-du-touquet.org\/index.php\/wp-json\/wp\/v2\/media\/2561"}],"wp:attachment":[{"href":"https:\/\/cercle-nautique-du-touquet.org\/index.php\/wp-json\/wp\/v2\/media?parent=3108"}],"wp:term":[{"taxonomy":"category","embeddable":true,"href":"https:\/\/cercle-nautique-du-touquet.org\/index.php\/wp-json\/wp\/v2\/categories?post=3108"},{"taxonomy":"post_tag","embeddable":true,"href":"https:\/\/cercle-nautique-du-touquet.org\/index.php\/wp-json\/wp\/v2\/tags?post=3108"}],"curies":[{"name":"wp","href":"https:\/\/api.w.org\/{rel}","templated":true}]}}